{"id":1132,"date":"2018-05-21T14:42:01","date_gmt":"2018-05-21T13:42:01","guid":{"rendered":"http:\/\/www.pierre-caillet.fr\/?p=1132"},"modified":"2018-05-25T10:25:22","modified_gmt":"2018-05-25T09:25:22","slug":"nomination-au-prix-musique-a-limage-ucmf-2018","status":"publish","type":"post","link":"https:\/\/www.pierre-caillet.fr\/?p=1132","title":{"rendered":"Nomination au prix musique \u00e0 l&rsquo;image UCMF 2018 !"},"content":{"rendered":"<p>Ma musique pour l&rsquo;ogre de Laur\u00e8ne Braibant est nomm\u00e9e au prix musique \u00e0 l&rsquo;image 2018 de l&rsquo;Union des Compositeurs de Musique de Film !<\/p>\n<p>Merci l&rsquo;UCMF !<\/p>\n","protected":false},"excerpt":{"rendered":"<p>Ma musique pour l&rsquo;ogre de Laur\u00e8ne Braibant est nomm\u00e9e au prix musique \u00e0 l&rsquo;image 2018 de l&rsquo;Union des Compositeurs de Musique de Film ! Merci l&rsquo;UCMF !<\/p>\n","protected":false},"author":1,"featured_media":0,"comment_status":"closed","ping_status":"open","sticky":false,"template":"","format":"standard","meta":{"footnotes":""},"categories":[1],"tags":[],"class_list":["post-1132","post","type-post","status-publish","format-standard","hentry","category-non-classe","entry"],"_links":{"self":[{"href":"https:\/\/www.pierre-caillet.fr\/index.php?rest_route=\/wp\/v2\/posts\/1132","targetHints":{"allow":["GET"]}}],"collection":[{"href":"https:\/\/www.pierre-caillet.fr\/index.php?rest_route=\/wp\/v2\/posts"}],"about":[{"href":"https:\/\/www.pierre-caillet.fr\/index.php?rest_route=\/wp\/v2\/types\/post"}],"author":[{"embeddable":true,"href":"https:\/\/www.pierre-caillet.fr\/index.php?rest_route=\/wp\/v2\/users\/1"}],"replies":[{"embeddable":true,"href":"https:\/\/www.pierre-caillet.fr\/index.php?rest_route=%2Fwp%2Fv2%2Fcomments&post=1132"}],"version-history":[{"count":3,"href":"https:\/\/www.pierre-caillet.fr\/index.php?rest_route=\/wp\/v2\/posts\/1132\/revisions"}],"predecessor-version":[{"id":1135,"href":"https:\/\/www.pierre-caillet.fr\/index.php?rest_route=\/wp\/v2\/posts\/1132\/revisions\/1135"}],"wp:attachment":[{"href":"https:\/\/www.pierre-caillet.fr\/index.php?rest_route=%2Fwp%2Fv2%2Fmedia&parent=1132"}],"wp:term":[{"taxonomy":"category","embeddable":true,"href":"https:\/\/www.pierre-caillet.fr\/index.php?rest_route=%2Fwp%2Fv2%2Fcategories&post=1132"},{"taxonomy":"post_tag","embeddable":true,"href":"https:\/\/www.pierre-caillet.fr\/index.php?rest_route=%2Fwp%2Fv2%2Ftags&post=1132"}],"curies":[{"name":"wp","href":"https:\/\/api.w.org\/{rel}","templated":true}]}}