{"id":153,"date":"2011-02-26T12:11:06","date_gmt":"2011-02-26T11:11:06","guid":{"rendered":"http:\/\/www.pierre-caillet.fr\/?p=153"},"modified":"2011-03-22T15:16:26","modified_gmt":"2011-03-22T14:16:26","slug":"le-femme-squelette","status":"publish","type":"post","link":"https:\/\/www.pierre-caillet.fr\/?p=153","title":{"rendered":"la Femme Squelette"},"content":{"rendered":"<pre>UN FILM DE SARAH VAN DEN BOOM, PROD. PAPY3D<\/pre>\n<p style=\"text-align: left;\">&nbsp;<\/p>\n<p style=\"text-align: center;\"><a href=\"https:\/\/www.pierre-caillet.fr\/wp-content\/uploads\/2011\/02\/Screen-shot-2011-02-25-at-23.19.49.png\"><img loading=\"lazy\" decoding=\"async\" class=\"aligncenter size-full wp-image-140\" title=\"Screen shot 2011-02-25 at 23.19.49\" src=\"https:\/\/www.pierre-caillet.fr\/wp-content\/uploads\/2011\/02\/Screen-shot-2011-02-25-at-23.19.49.png\" alt=\"\" width=\"516\" height=\"289\" srcset=\"https:\/\/www.pierre-caillet.fr\/wp-content\/uploads\/2011\/02\/Screen-shot-2011-02-25-at-23.19.49.png 930w, https:\/\/www.pierre-caillet.fr\/wp-content\/uploads\/2011\/02\/Screen-shot-2011-02-25-at-23.19.49-300x168.png 300w, https:\/\/www.pierre-caillet.fr\/wp-content\/uploads\/2011\/02\/Screen-shot-2011-02-25-at-23.19.49-150x84.png 150w, https:\/\/www.pierre-caillet.fr\/wp-content\/uploads\/2011\/02\/Screen-shot-2011-02-25-at-23.19.49-400x224.png 400w\" sizes=\"auto, (max-width: 516px) 100vw, 516px\" \/><\/a><\/p>\n<p style=\"text-align: center;\">&nbsp;<\/p>\n<p>Apr\u00e8s avoir \u00e9t\u00e9 pr\u00e9-s\u00e9lectionn\u00e9 au C\u00e9sars, le Film de Sarah poursuit sa carri\u00e8re vous pourez le voir dans les festivals suivants :<\/p>\n<p>en mars :<\/p>\n<p>&#8211; la f\u00eate de l&rsquo;animation \u00e0 Lille<br \/>\n&#8211; Tehran International Animation Festival<br \/>\n&#8211; Festival M\u00e9diterran\u00e9en du court m\u00e9trage d&rsquo;humour de Tunisie<\/p>\n<p>en avril :<\/p>\n<p>&#8211; Seoul International Women&rsquo;s Film Festival<br \/>\n&#8211; Anima Basauri<br \/>\n&#8211; Sens Clap89<br \/>\n&#8211; Cortoons<br \/>\n&#8211; Barcelone Melcal<\/p>\n<p>&nbsp;<\/p>\n","protected":false},"excerpt":{"rendered":"<p>UN FILM DE SARAH VAN DEN BOOM, PROD. PAPY3D &nbsp; &nbsp; Apr\u00e8s avoir \u00e9t\u00e9 pr\u00e9-s\u00e9lectionn\u00e9 au C\u00e9sars, le Film de Sarah poursuit sa carri\u00e8re vous pourez le voir dans les festivals suivants : en mars : &#8211; la f\u00eate de l&rsquo;animation \u00e0 Lille &#8211; Tehran International Animation Festival &#8211; Festival M\u00e9diterran\u00e9en du court m\u00e9trage d&rsquo;humour&hellip; <a class=\"more-link\" href=\"https:\/\/www.pierre-caillet.fr\/?p=153\">Poursuivre la lecture <span class=\"screen-reader-text\">la Femme Squelette<\/span><\/a><\/p>\n","protected":false},"author":1,"featured_media":0,"comment_status":"open","ping_status":"open","sticky":false,"template":"","format":"standard","meta":{"footnotes":""},"categories":[1],"tags":[],"class_list":["post-153","post","type-post","status-publish","format-standard","hentry","category-non-classe","entry"],"_links":{"self":[{"href":"https:\/\/www.pierre-caillet.fr\/index.php?rest_route=\/wp\/v2\/posts\/153","targetHints":{"allow":["GET"]}}],"collection":[{"href":"https:\/\/www.pierre-caillet.fr\/index.php?rest_route=\/wp\/v2\/posts"}],"about":[{"href":"https:\/\/www.pierre-caillet.fr\/index.php?rest_route=\/wp\/v2\/types\/post"}],"author":[{"embeddable":true,"href":"https:\/\/www.pierre-caillet.fr\/index.php?rest_route=\/wp\/v2\/users\/1"}],"replies":[{"embeddable":true,"href":"https:\/\/www.pierre-caillet.fr\/index.php?rest_route=%2Fwp%2Fv2%2Fcomments&post=153"}],"version-history":[{"count":10,"href":"https:\/\/www.pierre-caillet.fr\/index.php?rest_route=\/wp\/v2\/posts\/153\/revisions"}],"predecessor-version":[{"id":156,"href":"https:\/\/www.pierre-caillet.fr\/index.php?rest_route=\/wp\/v2\/posts\/153\/revisions\/156"}],"wp:attachment":[{"href":"https:\/\/www.pierre-caillet.fr\/index.php?rest_route=%2Fwp%2Fv2%2Fmedia&parent=153"}],"wp:term":[{"taxonomy":"category","embeddable":true,"href":"https:\/\/www.pierre-caillet.fr\/index.php?rest_route=%2Fwp%2Fv2%2Fcategories&post=153"},{"taxonomy":"post_tag","embeddable":true,"href":"https:\/\/www.pierre-caillet.fr\/index.php?rest_route=%2Fwp%2Fv2%2Ftags&post=153"}],"curies":[{"name":"wp","href":"https:\/\/api.w.org\/{rel}","templated":true}]}}