{"id":718,"date":"2012-05-16T10:46:55","date_gmt":"2012-05-16T09:46:55","guid":{"rendered":"http:\/\/www.pierre-caillet.fr\/?p=718"},"modified":"2012-11-14T12:40:15","modified_gmt":"2012-11-14T11:40:15","slug":"edmond-autour-du-monde","status":"publish","type":"post","link":"https:\/\/www.pierre-caillet.fr\/?p=718","title":{"rendered":"Edmond autour du monde"},"content":{"rendered":"<p><img loading=\"lazy\" decoding=\"async\" class=\"aligncenter size-large wp-image-719\" title=\"Edmond \u00e9tait un \u00e2ne\" src=\"https:\/\/www.pierre-caillet.fr\/wp-content\/uploads\/2012\/05\/edmondfest-700x296.png\" alt=\"\" width=\"640\" height=\"270\" srcset=\"https:\/\/www.pierre-caillet.fr\/wp-content\/uploads\/2012\/05\/edmondfest-700x296.png 700w, https:\/\/www.pierre-caillet.fr\/wp-content\/uploads\/2012\/05\/edmondfest-300x127.png 300w, https:\/\/www.pierre-caillet.fr\/wp-content\/uploads\/2012\/05\/edmondfest-150x63.png 150w, https:\/\/www.pierre-caillet.fr\/wp-content\/uploads\/2012\/05\/edmondfest-400x169.png 400w, https:\/\/www.pierre-caillet.fr\/wp-content\/uploads\/2012\/05\/edmondfest.png 800w\" sizes=\"auto, (max-width: 640px) 100vw, 640px\" \/><\/p>\n<p>&nbsp;<\/p>\n<p>Edmond \u00e9tait un \u00e2ne, le dernier film de Franck Dion commence un tr\u00e8s beau d\u00e9but de carri\u00e8re, il sera diffus\u00e9 dans les festivals suivants :<\/p>\n<p><a href=\"http:\/\/www.animafest.hr\/en\" target=\"_blank\">Animafest Zagreb short film edition<\/a> (Croatie) 29 mai &#8211; 3 juin 2012 \/ comp\u00e9tition officielle<\/p>\n<p><a href=\"http:\/\/www.brooklynfilmfestival.org\/\" target=\"_blank\">Brooklyn film festival<\/a> (USA) 1-10 juin 2012 \/comp\u00e9tition officielle<\/p>\n<p><a href=\"http:\/\/www.annecy.org\/\" target=\"_blank\">Festival international du film d&rsquo;animation d&rsquo;Annecy<\/a> (France) 4-9 juin 2012 \/ comp\u00e9tition officielle<\/p>\n<p><a href=\"http:\/\/worldwideshortfilmfest.com\/\" target=\"_blank\">Toronto Worldwide Short Film Festival<\/a> (Canada) 5-10 juin 2012 \/ comp\u00e9tition officielle<\/p>\n<p><a href=\"http:\/\/www.shortshorts.org\/index-en.php\" target=\"_blank\">Tokyo Short Shorts <\/a>(Japon) 18-26 juin 2012 \/ comp\u00e9tition officielle<\/p>\n<p>&nbsp;<\/p>\n","protected":false},"excerpt":{"rendered":"<p>&nbsp; Edmond \u00e9tait un \u00e2ne, le dernier film de Franck Dion commence un tr\u00e8s beau d\u00e9but de carri\u00e8re, il sera diffus\u00e9 dans les festivals suivants : Animafest Zagreb short film edition (Croatie) 29 mai &#8211; 3 juin 2012 \/ comp\u00e9tition officielle Brooklyn film festival (USA) 1-10 juin 2012 \/comp\u00e9tition officielle Festival international du film d&rsquo;animation&hellip; <a class=\"more-link\" href=\"https:\/\/www.pierre-caillet.fr\/?p=718\">Poursuivre la lecture <span class=\"screen-reader-text\">Edmond autour du monde<\/span><\/a><\/p>\n","protected":false},"author":1,"featured_media":0,"comment_status":"closed","ping_status":"open","sticky":false,"template":"","format":"standard","meta":{"footnotes":""},"categories":[1],"tags":[],"class_list":["post-718","post","type-post","status-publish","format-standard","hentry","category-non-classe","entry"],"_links":{"self":[{"href":"https:\/\/www.pierre-caillet.fr\/index.php?rest_route=\/wp\/v2\/posts\/718","targetHints":{"allow":["GET"]}}],"collection":[{"href":"https:\/\/www.pierre-caillet.fr\/index.php?rest_route=\/wp\/v2\/posts"}],"about":[{"href":"https:\/\/www.pierre-caillet.fr\/index.php?rest_route=\/wp\/v2\/types\/post"}],"author":[{"embeddable":true,"href":"https:\/\/www.pierre-caillet.fr\/index.php?rest_route=\/wp\/v2\/users\/1"}],"replies":[{"embeddable":true,"href":"https:\/\/www.pierre-caillet.fr\/index.php?rest_route=%2Fwp%2Fv2%2Fcomments&post=718"}],"version-history":[{"count":4,"href":"https:\/\/www.pierre-caillet.fr\/index.php?rest_route=\/wp\/v2\/posts\/718\/revisions"}],"predecessor-version":[{"id":722,"href":"https:\/\/www.pierre-caillet.fr\/index.php?rest_route=\/wp\/v2\/posts\/718\/revisions\/722"}],"wp:attachment":[{"href":"https:\/\/www.pierre-caillet.fr\/index.php?rest_route=%2Fwp%2Fv2%2Fmedia&parent=718"}],"wp:term":[{"taxonomy":"category","embeddable":true,"href":"https:\/\/www.pierre-caillet.fr\/index.php?rest_route=%2Fwp%2Fv2%2Fcategories&post=718"},{"taxonomy":"post_tag","embeddable":true,"href":"https:\/\/www.pierre-caillet.fr\/index.php?rest_route=%2Fwp%2Fv2%2Ftags&post=718"}],"curies":[{"name":"wp","href":"https:\/\/api.w.org\/{rel}","templated":true}]}}