{"id":754,"date":"2013-01-25T12:32:33","date_gmt":"2013-01-25T11:32:33","guid":{"rendered":"http:\/\/www.pierre-caillet.fr\/?p=754"},"modified":"2013-01-28T10:51:21","modified_gmt":"2013-01-28T09:51:21","slug":"edmond-loin-de-meriter-son-bonnet","status":"publish","type":"post","link":"https:\/\/www.pierre-caillet.fr\/?p=754","title":{"rendered":"Edmond loin de m\u00e9riter son bonnet !"},"content":{"rendered":"<p>&nbsp;<\/p>\n<p><img loading=\"lazy\" decoding=\"async\" class=\"aligncenter size-large wp-image-774\" title=\"Edmond was a donkey\" src=\"https:\/\/www.pierre-caillet.fr\/wp-content\/uploads\/2013\/01\/552716_561694047174301_2080461360_n-700x294.jpg\" alt=\"\" width=\"640\" height=\"268\" srcset=\"https:\/\/www.pierre-caillet.fr\/wp-content\/uploads\/2013\/01\/552716_561694047174301_2080461360_n-700x294.jpg 700w, https:\/\/www.pierre-caillet.fr\/wp-content\/uploads\/2013\/01\/552716_561694047174301_2080461360_n-300x126.jpg 300w, https:\/\/www.pierre-caillet.fr\/wp-content\/uploads\/2013\/01\/552716_561694047174301_2080461360_n-150x63.jpg 150w, https:\/\/www.pierre-caillet.fr\/wp-content\/uploads\/2013\/01\/552716_561694047174301_2080461360_n-400x168.jpg 400w\" sizes=\"auto, (max-width: 640px) 100vw, 640px\" \/><\/p>\n<p>&nbsp;<\/p>\n<p>\u00ab\u00a0Edmond \u00e9tait un \u00e2ne\u00a0\u00bb de Franck Dion re\u00e7oit de nombreuses distinctions :<\/p>\n<p>&#8211; il est nomin\u00e9 pour le Cesar du meilleur film d&rsquo;animation 2013<br \/>\n&#8211; nomin\u00e9 aux prestigieux Canadian Films Awards 2013 cat\u00e9gorie meilleur court m\u00e9trage d&rsquo;animation<br \/>\n&#8211; il fait aussi partie des cinq nomin\u00e9s dans la cat\u00e9gorie Animation aux Lutins du Court-M\u00e9trage 2013<\/p>\n<p>&nbsp;<\/p>\n<p>Par ailleurs, en quelques semaines, il vient de recevoir :<\/p>\n<p>&#8211; le prix de la Meilleure Animation Internationale au festival Flickerfest de Sydney<br \/>\n&#8211;\u00a0le prix Mikeldi d&rsquo;argent pour l&rsquo;animation au festival Zinebi 2012 de Bilbao<br \/>\n&#8211; le Prix du meilleur court m\u00e9trage international au FICFA 2012 de Moncton<br \/>\n&#8211; le Prix de la Libert\u00e9 d\u00e9cern\u00e9 par le jury Jeune du Festival de Villeurbanne 2012<br \/>\n&#8211; une mention sp\u00e9ciale au Cinanima 2012 d&rsquo;Espinho<br \/>\n&#8211; une mention sp\u00e9ciale au Tindirindis 2012 de Vilnius<\/p>\n<p>F\u00e9licitations \u00e0 Franck !!!!<\/p>\n<p>&nbsp;<\/p>\n<p>&nbsp;<\/p>\n","protected":false},"excerpt":{"rendered":"<p>&nbsp; &nbsp; \u00ab\u00a0Edmond \u00e9tait un \u00e2ne\u00a0\u00bb de Franck Dion re\u00e7oit de nombreuses distinctions : &#8211; il est nomin\u00e9 pour le Cesar du meilleur film d&rsquo;animation 2013 &#8211; nomin\u00e9 aux prestigieux Canadian Films Awards 2013 cat\u00e9gorie meilleur court m\u00e9trage d&rsquo;animation &#8211; il fait aussi partie des cinq nomin\u00e9s dans la cat\u00e9gorie Animation aux Lutins du Court-M\u00e9trage&hellip; <a class=\"more-link\" href=\"https:\/\/www.pierre-caillet.fr\/?p=754\">Poursuivre la lecture <span class=\"screen-reader-text\">Edmond loin de m\u00e9riter son bonnet !<\/span><\/a><\/p>\n","protected":false},"author":1,"featured_media":0,"comment_status":"closed","ping_status":"open","sticky":false,"template":"","format":"standard","meta":{"footnotes":""},"categories":[1],"tags":[],"class_list":["post-754","post","type-post","status-publish","format-standard","hentry","category-non-classe","entry"],"_links":{"self":[{"href":"https:\/\/www.pierre-caillet.fr\/index.php?rest_route=\/wp\/v2\/posts\/754","targetHints":{"allow":["GET"]}}],"collection":[{"href":"https:\/\/www.pierre-caillet.fr\/index.php?rest_route=\/wp\/v2\/posts"}],"about":[{"href":"https:\/\/www.pierre-caillet.fr\/index.php?rest_route=\/wp\/v2\/types\/post"}],"author":[{"embeddable":true,"href":"https:\/\/www.pierre-caillet.fr\/index.php?rest_route=\/wp\/v2\/users\/1"}],"replies":[{"embeddable":true,"href":"https:\/\/www.pierre-caillet.fr\/index.php?rest_route=%2Fwp%2Fv2%2Fcomments&post=754"}],"version-history":[{"count":11,"href":"https:\/\/www.pierre-caillet.fr\/index.php?rest_route=\/wp\/v2\/posts\/754\/revisions"}],"predecessor-version":[{"id":759,"href":"https:\/\/www.pierre-caillet.fr\/index.php?rest_route=\/wp\/v2\/posts\/754\/revisions\/759"}],"wp:attachment":[{"href":"https:\/\/www.pierre-caillet.fr\/index.php?rest_route=%2Fwp%2Fv2%2Fmedia&parent=754"}],"wp:term":[{"taxonomy":"category","embeddable":true,"href":"https:\/\/www.pierre-caillet.fr\/index.php?rest_route=%2Fwp%2Fv2%2Fcategories&post=754"},{"taxonomy":"post_tag","embeddable":true,"href":"https:\/\/www.pierre-caillet.fr\/index.php?rest_route=%2Fwp%2Fv2%2Ftags&post=754"}],"curies":[{"name":"wp","href":"https:\/\/api.w.org\/{rel}","templated":true}]}}