{"id":979,"date":"2016-09-19T15:28:38","date_gmt":"2016-09-19T14:28:38","guid":{"rendered":"http:\/\/www.pierre-caillet.fr\/?p=979"},"modified":"2016-09-19T15:30:10","modified_gmt":"2016-09-19T14:30:10","slug":"coup-de-coeur-du-piaff-2016","status":"publish","type":"post","link":"https:\/\/www.pierre-caillet.fr\/?p=979","title":{"rendered":"Coup de coeur du PIAFF 2016 !"},"content":{"rendered":"<p>&nbsp;<\/p>\n<p><img loading=\"lazy\" decoding=\"async\" class=\"aligncenter size-large wp-image-980\" src=\"https:\/\/www.pierre-caillet.fr\/wp-content\/uploads\/2016\/09\/8914b1_33b60241b37943f6a1ac2593f235e1c4mv2_d_1240_1838_s_2.jpg_srz_880_1304_85_22_0.50_1.20_0.00_jpg_srz-691x1024.jpeg\" alt=\"Festival\" width=\"640\" height=\"948\" srcset=\"https:\/\/www.pierre-caillet.fr\/wp-content\/uploads\/2016\/09\/8914b1_33b60241b37943f6a1ac2593f235e1c4mv2_d_1240_1838_s_2.jpg_srz_880_1304_85_22_0.50_1.20_0.00_jpg_srz-691x1024.jpeg 691w, https:\/\/www.pierre-caillet.fr\/wp-content\/uploads\/2016\/09\/8914b1_33b60241b37943f6a1ac2593f235e1c4mv2_d_1240_1838_s_2.jpg_srz_880_1304_85_22_0.50_1.20_0.00_jpg_srz-202x300.jpeg 202w, https:\/\/www.pierre-caillet.fr\/wp-content\/uploads\/2016\/09\/8914b1_33b60241b37943f6a1ac2593f235e1c4mv2_d_1240_1838_s_2.jpg_srz_880_1304_85_22_0.50_1.20_0.00_jpg_srz-768x1138.jpeg 768w, https:\/\/www.pierre-caillet.fr\/wp-content\/uploads\/2016\/09\/8914b1_33b60241b37943f6a1ac2593f235e1c4mv2_d_1240_1838_s_2.jpg_srz_880_1304_85_22_0.50_1.20_0.00_jpg_srz-101x150.jpeg 101w, https:\/\/www.pierre-caillet.fr\/wp-content\/uploads\/2016\/09\/8914b1_33b60241b37943f6a1ac2593f235e1c4mv2_d_1240_1838_s_2.jpg_srz_880_1304_85_22_0.50_1.20_0.00_jpg_srz-400x593.jpeg 400w, https:\/\/www.pierre-caillet.fr\/wp-content\/uploads\/2016\/09\/8914b1_33b60241b37943f6a1ac2593f235e1c4mv2_d_1240_1838_s_2.jpg_srz_880_1304_85_22_0.50_1.20_0.00_jpg_srz.jpeg 880w\" sizes=\"auto, (max-width: 640px) 100vw, 640px\" \/><\/p>\n<p>Le jury professionnel du Festival International du Film de Paris vient de me d\u00e9cerner un coup de coeur pour mon travail musical sur les 3 derniers films de Papy3d :<\/p>\n<ul>\n<li>une t\u00eate disparait de Franck dion<\/li>\n<li>Dans les eaux profondes de Sarah van den Boom<\/li>\n<li>R\u00eave d&rsquo;enfant de Christophe Gerard<\/li>\n<\/ul>\n<p>Merci, merci, merci !!!!!<\/p>\n","protected":false},"excerpt":{"rendered":"<p>&nbsp; Le jury professionnel du Festival International du Film de Paris vient de me d\u00e9cerner un coup de coeur pour mon travail musical sur les 3 derniers films de Papy3d : une t\u00eate disparait de Franck dion Dans les eaux profondes de Sarah van den Boom R\u00eave d&rsquo;enfant de Christophe Gerard Merci, merci, merci !!!!!<\/p>\n","protected":false},"author":1,"featured_media":0,"comment_status":"closed","ping_status":"open","sticky":false,"template":"","format":"standard","meta":{"footnotes":""},"categories":[1],"tags":[],"class_list":["post-979","post","type-post","status-publish","format-standard","hentry","category-non-classe","entry"],"_links":{"self":[{"href":"https:\/\/www.pierre-caillet.fr\/index.php?rest_route=\/wp\/v2\/posts\/979","targetHints":{"allow":["GET"]}}],"collection":[{"href":"https:\/\/www.pierre-caillet.fr\/index.php?rest_route=\/wp\/v2\/posts"}],"about":[{"href":"https:\/\/www.pierre-caillet.fr\/index.php?rest_route=\/wp\/v2\/types\/post"}],"author":[{"embeddable":true,"href":"https:\/\/www.pierre-caillet.fr\/index.php?rest_route=\/wp\/v2\/users\/1"}],"replies":[{"embeddable":true,"href":"https:\/\/www.pierre-caillet.fr\/index.php?rest_route=%2Fwp%2Fv2%2Fcomments&post=979"}],"version-history":[{"count":4,"href":"https:\/\/www.pierre-caillet.fr\/index.php?rest_route=\/wp\/v2\/posts\/979\/revisions"}],"predecessor-version":[{"id":984,"href":"https:\/\/www.pierre-caillet.fr\/index.php?rest_route=\/wp\/v2\/posts\/979\/revisions\/984"}],"wp:attachment":[{"href":"https:\/\/www.pierre-caillet.fr\/index.php?rest_route=%2Fwp%2Fv2%2Fmedia&parent=979"}],"wp:term":[{"taxonomy":"category","embeddable":true,"href":"https:\/\/www.pierre-caillet.fr\/index.php?rest_route=%2Fwp%2Fv2%2Fcategories&post=979"},{"taxonomy":"post_tag","embeddable":true,"href":"https:\/\/www.pierre-caillet.fr\/index.php?rest_route=%2Fwp%2Fv2%2Ftags&post=979"}],"curies":[{"name":"wp","href":"https:\/\/api.w.org\/{rel}","templated":true}]}}