{"id":986,"date":"2016-10-29T11:31:12","date_gmt":"2016-10-29T10:31:12","guid":{"rendered":"http:\/\/www.pierre-caillet.fr\/?p=986"},"modified":"2016-10-29T11:42:41","modified_gmt":"2016-10-29T10:42:41","slug":"grand-prix-a-lisfmf","status":"publish","type":"post","link":"https:\/\/www.pierre-caillet.fr\/?p=986","title":{"rendered":"Grand Prix \u00e0 l&rsquo;International Sound &#038; Film Music Festival !!!"},"content":{"rendered":"<p><img loading=\"lazy\" decoding=\"async\" class=\"aligncenter size-full wp-image-987\" src=\"https:\/\/www.pierre-caillet.fr\/wp-content\/uploads\/2016\/10\/ISFMF-2016-Winners-620x350.jpg\" alt=\"isfmf-2016-winners\" width=\"620\" height=\"350\" srcset=\"https:\/\/www.pierre-caillet.fr\/wp-content\/uploads\/2016\/10\/ISFMF-2016-Winners-620x350.jpg 620w, https:\/\/www.pierre-caillet.fr\/wp-content\/uploads\/2016\/10\/ISFMF-2016-Winners-620x350-300x169.jpg 300w, https:\/\/www.pierre-caillet.fr\/wp-content\/uploads\/2016\/10\/ISFMF-2016-Winners-620x350-150x85.jpg 150w, https:\/\/www.pierre-caillet.fr\/wp-content\/uploads\/2016\/10\/ISFMF-2016-Winners-620x350-400x226.jpg 400w\" sizes=\"auto, (max-width: 620px) 100vw, 620px\" \/><\/p>\n<p>Grand prix pour la musique d&rsquo;Edmond \u00e9tait un \u00e2ne de Franck Dion \u00e0 l&rsquo;International Sound &amp; Film Music Festival 2016.<\/p>\n<p>Merci, Merci, Merci !!!!<\/p>\n","protected":false},"excerpt":{"rendered":"<p>Grand prix pour la musique d&rsquo;Edmond \u00e9tait un \u00e2ne de Franck Dion \u00e0 l&rsquo;International Sound &amp; Film Music Festival 2016. Merci, Merci, Merci !!!!<\/p>\n","protected":false},"author":1,"featured_media":0,"comment_status":"closed","ping_status":"open","sticky":false,"template":"","format":"standard","meta":{"footnotes":""},"categories":[1],"tags":[],"class_list":["post-986","post","type-post","status-publish","format-standard","hentry","category-non-classe","entry"],"_links":{"self":[{"href":"https:\/\/www.pierre-caillet.fr\/index.php?rest_route=\/wp\/v2\/posts\/986","targetHints":{"allow":["GET"]}}],"collection":[{"href":"https:\/\/www.pierre-caillet.fr\/index.php?rest_route=\/wp\/v2\/posts"}],"about":[{"href":"https:\/\/www.pierre-caillet.fr\/index.php?rest_route=\/wp\/v2\/types\/post"}],"author":[{"embeddable":true,"href":"https:\/\/www.pierre-caillet.fr\/index.php?rest_route=\/wp\/v2\/users\/1"}],"replies":[{"embeddable":true,"href":"https:\/\/www.pierre-caillet.fr\/index.php?rest_route=%2Fwp%2Fv2%2Fcomments&post=986"}],"version-history":[{"count":2,"href":"https:\/\/www.pierre-caillet.fr\/index.php?rest_route=\/wp\/v2\/posts\/986\/revisions"}],"predecessor-version":[{"id":996,"href":"https:\/\/www.pierre-caillet.fr\/index.php?rest_route=\/wp\/v2\/posts\/986\/revisions\/996"}],"wp:attachment":[{"href":"https:\/\/www.pierre-caillet.fr\/index.php?rest_route=%2Fwp%2Fv2%2Fmedia&parent=986"}],"wp:term":[{"taxonomy":"category","embeddable":true,"href":"https:\/\/www.pierre-caillet.fr\/index.php?rest_route=%2Fwp%2Fv2%2Fcategories&post=986"},{"taxonomy":"post_tag","embeddable":true,"href":"https:\/\/www.pierre-caillet.fr\/index.php?rest_route=%2Fwp%2Fv2%2Ftags&post=986"}],"curies":[{"name":"wp","href":"https:\/\/api.w.org\/{rel}","templated":true}]}}